{"id":1517,"date":"2025-07-21T10:54:10","date_gmt":"2025-07-21T08:54:10","guid":{"rendered":"https:\/\/www.evcgroup.cz\/?p=1517"},"modified":"2025-07-21T10:54:11","modified_gmt":"2025-07-21T08:54:11","slug":"celofiremni-dovolena-28-7-03-08-2025","status":"publish","type":"post","link":"https:\/\/www.evcgroup.cz\/en\/aktuality\/celofiremni-dovolena-28-7-03-08-2025\/","title":{"rendered":"Celofiremn\u00ed dovolen\u00e1 28.7.-03.08.2025"},"content":{"rendered":"<p><strong><em>V\u00e1\u017een\u00ed obchodn\u00ed partne\u0159i,<\/em><\/strong><\/p>\n\n\n\n<p><strong><em>r\u00e1di bychom V\u00e1m ozn\u00e1mili, \u017ee z d\u016fvodu celoz\u00e1vodn\u00ed dovolen\u00e9 bude ve dnech 28.07.-03.08.2025 firma EVC Group uzav\u0159ena. Op\u011bt se na V\u00e1s budeme t\u011b\u0161it od 04.08.2025. D\u011bkujeme za pochopen\u00ed.<\/em><\/strong><strong>&nbsp;&nbsp;<\/strong>&nbsp;<\/p>\n\n\n\n<p><\/p>","protected":false},"excerpt":{"rendered":"<p>V\u00e1\u017een\u00ed obchodn\u00ed partne\u0159i, r\u00e1di bychom V\u00e1m ozn\u00e1mili, \u017ee z d\u016fvodu celoz\u00e1vodn\u00ed dovolen\u00e9 bude ve dnech 28.07.-03.08.2025 firma EVC Group uzav\u0159ena. Op\u011bt se na V\u00e1s budeme t\u011b\u0161it od 04.08.2025. D\u011bkujeme za pochopen\u00ed.&nbsp;&nbsp;&nbsp;<\/p>","protected":false},"author":3,"featured_media":1518,"comment_status":"open","ping_status":"open","sticky":false,"template":"","format":"standard","meta":{"footnotes":""},"categories":[1],"tags":[],"class_list":["post-1517","post","type-post","status-publish","format-standard","has-post-thumbnail","hentry","category-aktuality"],"yoast_head":"<!-- This site is optimized with the Yoast SEO plugin v23.2 - https:\/\/yoast.com\/wordpress\/plugins\/seo\/ -->\n<title>Celofiremn\u00ed dovolen\u00e1 28.7.-03.08.2025 - EVC Group s.r.o.<\/title>\n<meta name=\"robots\" content=\"index, follow, max-snippet:-1, max-image-preview:large, max-video-preview:-1\" \/>\n<link rel=\"canonical\" href=\"https:\/\/www.evcgroup.cz\/en\/aktuality\/celofiremni-dovolena-28-7-03-08-2025\/\" \/>\n<meta property=\"og:locale\" content=\"en_US\" \/>\n<meta property=\"og:type\" content=\"article\" \/>\n<meta property=\"og:title\" content=\"Celofiremn\u00ed dovolen\u00e1 28.7.-03.08.2025 - EVC Group s.r.o.\" \/>\n<meta property=\"og:description\" content=\"V\u00e1\u017een\u00ed obchodn\u00ed partne\u0159i, r\u00e1di bychom V\u00e1m ozn\u00e1mili, \u017ee z d\u016fvodu celoz\u00e1vodn\u00ed dovolen\u00e9 bude ve dnech 28.07.-03.08.2025 firma EVC Group uzav\u0159ena. Op\u011bt se na V\u00e1s budeme t\u011b\u0161it od 04.08.2025. D\u011bkujeme za pochopen\u00ed.&nbsp;&nbsp;&nbsp;\" \/>\n<meta property=\"og:url\" content=\"https:\/\/www.evcgroup.cz\/en\/aktuality\/celofiremni-dovolena-28-7-03-08-2025\/\" \/>\n<meta property=\"og:site_name\" content=\"EVC Group s.r.o.\" \/>\n<meta property=\"article:published_time\" content=\"2025-07-21T08:54:10+00:00\" \/>\n<meta property=\"article:modified_time\" content=\"2025-07-21T08:54:11+00:00\" \/>\n<meta property=\"og:image\" content=\"https:\/\/www.evcgroup.cz\/wp-content\/uploads\/2025\/07\/file_0000000073fc61f78851f6d05c295c8d-1-683x1024.png\" \/>\n\t<meta property=\"og:image:width\" content=\"683\" \/>\n\t<meta property=\"og:image:height\" content=\"1024\" \/>\n\t<meta property=\"og:image:type\" content=\"image\/png\" \/>\n<meta name=\"author\" content=\"filgasova\" \/>\n<meta name=\"twitter:card\" content=\"summary_large_image\" \/>\n<meta name=\"twitter:label1\" content=\"Written by\" \/>\n\t<meta name=\"twitter:data1\" content=\"filgasova\" \/>\n<script type=\"application\/ld+json\" class=\"yoast-schema-graph\">{\"@context\":\"https:\/\/schema.org\",\"@graph\":[{\"@type\":\"Article\",\"@id\":\"https:\/\/www.evcgroup.cz\/aktuality\/celofiremni-dovolena-28-7-03-08-2025\/#article\",\"isPartOf\":{\"@id\":\"https:\/\/www.evcgroup.cz\/aktuality\/celofiremni-dovolena-28-7-03-08-2025\/\"},\"author\":{\"name\":\"filgasova\",\"@id\":\"https:\/\/www.evcgroup.cz\/#\/schema\/person\/00f15b297380b0a5c54e772854548b43\"},\"headline\":\"Celofiremn\u00ed dovolen\u00e1 28.7.-03.08.2025\",\"datePublished\":\"2025-07-21T08:54:10+00:00\",\"dateModified\":\"2025-07-21T08:54:11+00:00\",\"mainEntityOfPage\":{\"@id\":\"https:\/\/www.evcgroup.cz\/aktuality\/celofiremni-dovolena-28-7-03-08-2025\/\"},\"wordCount\":48,\"commentCount\":0,\"publisher\":{\"@id\":\"https:\/\/www.evcgroup.cz\/#organization\"},\"image\":{\"@id\":\"https:\/\/www.evcgroup.cz\/aktuality\/celofiremni-dovolena-28-7-03-08-2025\/#primaryimage\"},\"thumbnailUrl\":\"https:\/\/www.evcgroup.cz\/wp-content\/uploads\/2025\/07\/file_0000000073fc61f78851f6d05c295c8d-1.png\",\"articleSection\":[\"Aktuality\"],\"inLanguage\":\"en-US\",\"potentialAction\":[{\"@type\":\"CommentAction\",\"name\":\"Comment\",\"target\":[\"https:\/\/www.evcgroup.cz\/aktuality\/celofiremni-dovolena-28-7-03-08-2025\/#respond\"]}]},{\"@type\":\"WebPage\",\"@id\":\"https:\/\/www.evcgroup.cz\/aktuality\/celofiremni-dovolena-28-7-03-08-2025\/\",\"url\":\"https:\/\/www.evcgroup.cz\/aktuality\/celofiremni-dovolena-28-7-03-08-2025\/\",\"name\":\"Celofiremn\u00ed dovolen\u00e1 28.7.-03.08.2025 - EVC Group s.r.o.\",\"isPartOf\":{\"@id\":\"https:\/\/www.evcgroup.cz\/#website\"},\"primaryImageOfPage\":{\"@id\":\"https:\/\/www.evcgroup.cz\/aktuality\/celofiremni-dovolena-28-7-03-08-2025\/#primaryimage\"},\"image\":{\"@id\":\"https:\/\/www.evcgroup.cz\/aktuality\/celofiremni-dovolena-28-7-03-08-2025\/#primaryimage\"},\"thumbnailUrl\":\"https:\/\/www.evcgroup.cz\/wp-content\/uploads\/2025\/07\/file_0000000073fc61f78851f6d05c295c8d-1.png\",\"datePublished\":\"2025-07-21T08:54:10+00:00\",\"dateModified\":\"2025-07-21T08:54:11+00:00\",\"breadcrumb\":{\"@id\":\"https:\/\/www.evcgroup.cz\/aktuality\/celofiremni-dovolena-28-7-03-08-2025\/#breadcrumb\"},\"inLanguage\":\"en-US\",\"potentialAction\":[{\"@type\":\"ReadAction\",\"target\":[\"https:\/\/www.evcgroup.cz\/aktuality\/celofiremni-dovolena-28-7-03-08-2025\/\"]}]},{\"@type\":\"ImageObject\",\"inLanguage\":\"en-US\",\"@id\":\"https:\/\/www.evcgroup.cz\/aktuality\/celofiremni-dovolena-28-7-03-08-2025\/#primaryimage\",\"url\":\"https:\/\/www.evcgroup.cz\/wp-content\/uploads\/2025\/07\/file_0000000073fc61f78851f6d05c295c8d-1.png\",\"contentUrl\":\"https:\/\/www.evcgroup.cz\/wp-content\/uploads\/2025\/07\/file_0000000073fc61f78851f6d05c295c8d-1.png\",\"width\":1024,\"height\":1536},{\"@type\":\"BreadcrumbList\",\"@id\":\"https:\/\/www.evcgroup.cz\/aktuality\/celofiremni-dovolena-28-7-03-08-2025\/#breadcrumb\",\"itemListElement\":[{\"@type\":\"ListItem\",\"position\":1,\"name\":\"Dom\u016f\",\"item\":\"https:\/\/www.evcgroup.cz\/\"},{\"@type\":\"ListItem\",\"position\":2,\"name\":\"Celofiremn\u00ed dovolen\u00e1 28.7.-03.08.2025\"}]},{\"@type\":\"WebSite\",\"@id\":\"https:\/\/www.evcgroup.cz\/#website\",\"url\":\"https:\/\/www.evcgroup.cz\/\",\"name\":\"EVC Group s.r.o.\",\"description\":\"EVC Group s.r.o. | Energetick\u00e9 \u00falo\u017ei\u0161t\u011b | BSAE | BESS | Bateriov\u00e9 energetick\u00e9 \u00falo\u017ei\u0161t\u011b | Pr\u016fmyslov\u00e1 \u0159e\u0161en\u00ed lithiov\u00fdch bateri\u00ed v\u010detn\u011b ESS | Vytvo\u0159ilo studio hi SEO, s.r.o. [hiseo.cz | vanocnifocenibrno.cz]\",\"publisher\":{\"@id\":\"https:\/\/www.evcgroup.cz\/#organization\"},\"potentialAction\":[{\"@type\":\"SearchAction\",\"target\":{\"@type\":\"EntryPoint\",\"urlTemplate\":\"https:\/\/www.evcgroup.cz\/?s={search_term_string}\"},\"query-input\":\"required name=search_term_string\"}],\"inLanguage\":\"en-US\"},{\"@type\":\"Organization\",\"@id\":\"https:\/\/www.evcgroup.cz\/#organization\",\"name\":\"EVC Group s.r.o.\",\"url\":\"https:\/\/www.evcgroup.cz\/\",\"logo\":{\"@type\":\"ImageObject\",\"inLanguage\":\"en-US\",\"@id\":\"https:\/\/www.evcgroup.cz\/#\/schema\/logo\/image\/\",\"url\":\"https:\/\/www.evcgroup.cz\/wp-content\/uploads\/2024\/03\/evc_logo_rgb.png\",\"contentUrl\":\"https:\/\/www.evcgroup.cz\/wp-content\/uploads\/2024\/03\/evc_logo_rgb.png\",\"width\":4543,\"height\":1687,\"caption\":\"EVC Group s.r.o.\"},\"image\":{\"@id\":\"https:\/\/www.evcgroup.cz\/#\/schema\/logo\/image\/\"}},{\"@type\":\"Person\",\"@id\":\"https:\/\/www.evcgroup.cz\/#\/schema\/person\/00f15b297380b0a5c54e772854548b43\",\"name\":\"filgasova\",\"image\":{\"@type\":\"ImageObject\",\"inLanguage\":\"en-US\",\"@id\":\"https:\/\/www.evcgroup.cz\/#\/schema\/person\/image\/\",\"url\":\"https:\/\/secure.gravatar.com\/avatar\/7acd60c0612f13dca9c1919125c35c5b?s=96&d=mm&r=g\",\"contentUrl\":\"https:\/\/secure.gravatar.com\/avatar\/7acd60c0612f13dca9c1919125c35c5b?s=96&d=mm&r=g\",\"caption\":\"filgasova\"},\"url\":\"https:\/\/www.evcgroup.cz\/en\/author\/filgasova\/\"}]}<\/script>\n<!-- \/ Yoast SEO plugin. -->","yoast_head_json":{"title":"Celofiremn\u00ed dovolen\u00e1 28.7.-03.08.2025 - EVC Group s.r.o.","robots":{"index":"index","follow":"follow","max-snippet":"max-snippet:-1","max-image-preview":"max-image-preview:large","max-video-preview":"max-video-preview:-1"},"canonical":"https:\/\/www.evcgroup.cz\/en\/aktuality\/celofiremni-dovolena-28-7-03-08-2025\/","og_locale":"en_US","og_type":"article","og_title":"Celofiremn\u00ed dovolen\u00e1 28.7.-03.08.2025 - EVC Group s.r.o.","og_description":"V\u00e1\u017een\u00ed obchodn\u00ed partne\u0159i, r\u00e1di bychom V\u00e1m ozn\u00e1mili, \u017ee z d\u016fvodu celoz\u00e1vodn\u00ed dovolen\u00e9 bude ve dnech 28.07.-03.08.2025 firma EVC Group uzav\u0159ena. Op\u011bt se na V\u00e1s budeme t\u011b\u0161it od 04.08.2025. D\u011bkujeme za pochopen\u00ed.&nbsp;&nbsp;&nbsp;","og_url":"https:\/\/www.evcgroup.cz\/en\/aktuality\/celofiremni-dovolena-28-7-03-08-2025\/","og_site_name":"EVC Group s.r.o.","article_published_time":"2025-07-21T08:54:10+00:00","article_modified_time":"2025-07-21T08:54:11+00:00","og_image":[{"width":683,"height":1024,"url":"https:\/\/www.evcgroup.cz\/wp-content\/uploads\/2025\/07\/file_0000000073fc61f78851f6d05c295c8d-1-683x1024.png","type":"image\/png"}],"author":"filgasova","twitter_card":"summary_large_image","twitter_misc":{"Written by":"filgasova"},"schema":{"@context":"https:\/\/schema.org","@graph":[{"@type":"Article","@id":"https:\/\/www.evcgroup.cz\/aktuality\/celofiremni-dovolena-28-7-03-08-2025\/#article","isPartOf":{"@id":"https:\/\/www.evcgroup.cz\/aktuality\/celofiremni-dovolena-28-7-03-08-2025\/"},"author":{"name":"filgasova","@id":"https:\/\/www.evcgroup.cz\/#\/schema\/person\/00f15b297380b0a5c54e772854548b43"},"headline":"Celofiremn\u00ed dovolen\u00e1 28.7.-03.08.2025","datePublished":"2025-07-21T08:54:10+00:00","dateModified":"2025-07-21T08:54:11+00:00","mainEntityOfPage":{"@id":"https:\/\/www.evcgroup.cz\/aktuality\/celofiremni-dovolena-28-7-03-08-2025\/"},"wordCount":48,"commentCount":0,"publisher":{"@id":"https:\/\/www.evcgroup.cz\/#organization"},"image":{"@id":"https:\/\/www.evcgroup.cz\/aktuality\/celofiremni-dovolena-28-7-03-08-2025\/#primaryimage"},"thumbnailUrl":"https:\/\/www.evcgroup.cz\/wp-content\/uploads\/2025\/07\/file_0000000073fc61f78851f6d05c295c8d-1.png","articleSection":["Aktuality"],"inLanguage":"en-US","potentialAction":[{"@type":"CommentAction","name":"Comment","target":["https:\/\/www.evcgroup.cz\/aktuality\/celofiremni-dovolena-28-7-03-08-2025\/#respond"]}]},{"@type":"WebPage","@id":"https:\/\/www.evcgroup.cz\/aktuality\/celofiremni-dovolena-28-7-03-08-2025\/","url":"https:\/\/www.evcgroup.cz\/aktuality\/celofiremni-dovolena-28-7-03-08-2025\/","name":"Celofiremn\u00ed dovolen\u00e1 28.7.-03.08.2025 - EVC Group s.r.o.","isPartOf":{"@id":"https:\/\/www.evcgroup.cz\/#website"},"primaryImageOfPage":{"@id":"https:\/\/www.evcgroup.cz\/aktuality\/celofiremni-dovolena-28-7-03-08-2025\/#primaryimage"},"image":{"@id":"https:\/\/www.evcgroup.cz\/aktuality\/celofiremni-dovolena-28-7-03-08-2025\/#primaryimage"},"thumbnailUrl":"https:\/\/www.evcgroup.cz\/wp-content\/uploads\/2025\/07\/file_0000000073fc61f78851f6d05c295c8d-1.png","datePublished":"2025-07-21T08:54:10+00:00","dateModified":"2025-07-21T08:54:11+00:00","breadcrumb":{"@id":"https:\/\/www.evcgroup.cz\/aktuality\/celofiremni-dovolena-28-7-03-08-2025\/#breadcrumb"},"inLanguage":"en-US","potentialAction":[{"@type":"ReadAction","target":["https:\/\/www.evcgroup.cz\/aktuality\/celofiremni-dovolena-28-7-03-08-2025\/"]}]},{"@type":"ImageObject","inLanguage":"en-US","@id":"https:\/\/www.evcgroup.cz\/aktuality\/celofiremni-dovolena-28-7-03-08-2025\/#primaryimage","url":"https:\/\/www.evcgroup.cz\/wp-content\/uploads\/2025\/07\/file_0000000073fc61f78851f6d05c295c8d-1.png","contentUrl":"https:\/\/www.evcgroup.cz\/wp-content\/uploads\/2025\/07\/file_0000000073fc61f78851f6d05c295c8d-1.png","width":1024,"height":1536},{"@type":"BreadcrumbList","@id":"https:\/\/www.evcgroup.cz\/aktuality\/celofiremni-dovolena-28-7-03-08-2025\/#breadcrumb","itemListElement":[{"@type":"ListItem","position":1,"name":"Dom\u016f","item":"https:\/\/www.evcgroup.cz\/"},{"@type":"ListItem","position":2,"name":"Celofiremn\u00ed dovolen\u00e1 28.7.-03.08.2025"}]},{"@type":"WebSite","@id":"https:\/\/www.evcgroup.cz\/#website","url":"https:\/\/www.evcgroup.cz\/","name":"EVC Group s.r.o.","description":"EVC Group s.r.o. | Energetick\u00e9 \u00falo\u017ei\u0161t\u011b | BSAE | BESS | Bateriov\u00e9 energetick\u00e9 \u00falo\u017ei\u0161t\u011b | Pr\u016fmyslov\u00e1 \u0159e\u0161en\u00ed lithiov\u00fdch bateri\u00ed v\u010detn\u011b ESS | Vytvo\u0159ilo studio hi SEO, s.r.o. [hiseo.cz | vanocnifocenibrno.cz]","publisher":{"@id":"https:\/\/www.evcgroup.cz\/#organization"},"potentialAction":[{"@type":"SearchAction","target":{"@type":"EntryPoint","urlTemplate":"https:\/\/www.evcgroup.cz\/?s={search_term_string}"},"query-input":"required name=search_term_string"}],"inLanguage":"en-US"},{"@type":"Organization","@id":"https:\/\/www.evcgroup.cz\/#organization","name":"EVC Group s.r.o.","url":"https:\/\/www.evcgroup.cz\/","logo":{"@type":"ImageObject","inLanguage":"en-US","@id":"https:\/\/www.evcgroup.cz\/#\/schema\/logo\/image\/","url":"https:\/\/www.evcgroup.cz\/wp-content\/uploads\/2024\/03\/evc_logo_rgb.png","contentUrl":"https:\/\/www.evcgroup.cz\/wp-content\/uploads\/2024\/03\/evc_logo_rgb.png","width":4543,"height":1687,"caption":"EVC Group s.r.o."},"image":{"@id":"https:\/\/www.evcgroup.cz\/#\/schema\/logo\/image\/"}},{"@type":"Person","@id":"https:\/\/www.evcgroup.cz\/#\/schema\/person\/00f15b297380b0a5c54e772854548b43","name":"filgasova","image":{"@type":"ImageObject","inLanguage":"en-US","@id":"https:\/\/www.evcgroup.cz\/#\/schema\/person\/image\/","url":"https:\/\/secure.gravatar.com\/avatar\/7acd60c0612f13dca9c1919125c35c5b?s=96&d=mm&r=g","contentUrl":"https:\/\/secure.gravatar.com\/avatar\/7acd60c0612f13dca9c1919125c35c5b?s=96&d=mm&r=g","caption":"filgasova"},"url":"https:\/\/www.evcgroup.cz\/en\/author\/filgasova\/"}]}},"_links":{"self":[{"href":"https:\/\/www.evcgroup.cz\/en\/wp-json\/wp\/v2\/posts\/1517","targetHints":{"allow":["GET"]}}],"collection":[{"href":"https:\/\/www.evcgroup.cz\/en\/wp-json\/wp\/v2\/posts"}],"about":[{"href":"https:\/\/www.evcgroup.cz\/en\/wp-json\/wp\/v2\/types\/post"}],"author":[{"embeddable":true,"href":"https:\/\/www.evcgroup.cz\/en\/wp-json\/wp\/v2\/users\/3"}],"replies":[{"embeddable":true,"href":"https:\/\/www.evcgroup.cz\/en\/wp-json\/wp\/v2\/comments?post=1517"}],"version-history":[{"count":1,"href":"https:\/\/www.evcgroup.cz\/en\/wp-json\/wp\/v2\/posts\/1517\/revisions"}],"predecessor-version":[{"id":1519,"href":"https:\/\/www.evcgroup.cz\/en\/wp-json\/wp\/v2\/posts\/1517\/revisions\/1519"}],"wp:featuredmedia":[{"embeddable":true,"href":"https:\/\/www.evcgroup.cz\/en\/wp-json\/wp\/v2\/media\/1518"}],"wp:attachment":[{"href":"https:\/\/www.evcgroup.cz\/en\/wp-json\/wp\/v2\/media?parent=1517"}],"wp:term":[{"taxonomy":"category","embeddable":true,"href":"https:\/\/www.evcgroup.cz\/en\/wp-json\/wp\/v2\/categories?post=1517"},{"taxonomy":"post_tag","embeddable":true,"href":"https:\/\/www.evcgroup.cz\/en\/wp-json\/wp\/v2\/tags?post=1517"}],"curies":[{"name":"wp","href":"https:\/\/api.w.org\/{rel}","templated":true}]}}